{"id":564,"date":"2016-11-16T22:41:35","date_gmt":"2016-11-16T21:41:35","guid":{"rendered":"http:\/\/soleil-levant-asso.fr\/?p=564"},"modified":"2016-11-16T22:41:35","modified_gmt":"2016-11-16T21:41:35","slug":"interview-de-fabrice-voyages-japon","status":"publish","type":"post","link":"https:\/\/soleil-levant-asso.fr\/?p=564","title":{"rendered":"Interview de Fabrice : voyages au Japon"},"content":{"rendered":"<h1 class=\"_2cuy _3dgx _2vxa\">Interview de Fabrice : voyages au Japon<\/h1>\n<h4>Pr\u00e9sentation<\/h4>\n<p><strong><span class=\"_4yxo\">Bonjour Fabrice, peux-tu te pr\u00e9senter ?<\/span><\/strong><\/p>\n<div class=\"_2cuy _3dgx _2vxa\">Je suis un Angevin passionn\u00e9 par la litt\u00e9rature et mari\u00e9 \u00e0 une Japonaise. C\u2019est ainsi que j&rsquo;ai d\u00e9couvert le Japon. Je ne pensais pas qu\u2019un jour, j\u2019aurais la chance de visiter ce pays si lointain.<\/div>\n<div class=\"_2cuy _3dgx _2vxa\"><\/div>\n<div class=\"_2cuy _3dgx _2vxa\"><strong><span class=\"_4yxo\">A quelle saison se passait ton s\u00e9jour ? Tes impressions.<\/span><\/strong><\/div>\n<div class=\"_2cuy _3dgx _2vxa\">J&rsquo;y vais plut\u00f4t l&rsquo;\u00e9t\u00e9 car c&rsquo;est \u00e0 cette p\u00e9riode que j&rsquo;ai des vacances. Ce n&rsquo;est certainement pas le meilleur moment car il y fait tr\u00e8s chaud, trop chaud.<\/div>\n<div class=\"_2cuy _3dgx _2vxa\">J\u2019ai eu l\u2019occasion d\u2019y aller en hiver, l\u00e0 c\u2019est plut\u00f4t le contraire, il y fait tr\u00e8s froid. Les maisons ne sont pas bien isol\u00e9es et chez ma belle-m\u00e8re il n\u2019y a qu\u2019un kotatsu (chauffage d\u2019appoint en dessous de la table)<\/div>\n<div class=\"_2cuy _3dgx _2vxa\"><\/div>\n<div class=\"_2cuy _3dgx _2vxa\">\n<br \/>\n<figure id=\"attachment_704\" aria-describedby=\"caption-attachment-704\" style=\"width: 1191px\" class=\"wp-caption alignnone\"><a href=\"http:\/\/soleil-levant-asso.fr\/\/wp-content\/uploads\/2016\/11\/japon-chateau-Kumamoto-1.jpg\"><img decoding=\"async\" loading=\"lazy\" class=\"size-full wp-image-704\" src=\"http:\/\/soleil-levant-asso.fr\/\/wp-content\/uploads\/2016\/11\/japon-chateau-Kumamoto-1.jpg\" alt=\"japon chateau Kumamoto\" width=\"1191\" height=\"893\" \/><\/a><figcaption id=\"caption-attachment-704\" class=\"wp-caption-text\">ch\u00e2teau de\u00a0\u00a0Kumamoto<\/figcaption><\/figure><\/p>\n<p>&nbsp;<\/p>\n<\/div>\n<figure class=\"_2cuy _4nuy _2vxa\">\n<h3 class=\"_h2x _h2y\">\u00a0Lieux visit\u00e9s<\/h3>\n<\/figure>\n<div class=\"_2cuy _3dgx _2vxa\"><strong><span class=\"_4yxo\">Quelle ville ou lieu as-tu appr\u00e9ci\u00e9 ?<\/span><\/strong><\/div>\n<div class=\"_2cuy _3dgx _2vxa\">C&rsquo;est difficile de faire un choix car il y a un plein de lieux que j&rsquo;appr\u00e9cie pour diff\u00e9rentes raisons.<\/div>\n<div class=\"_2cuy _3dgx _2vxa\">J\u2019avais appr\u00e9ci\u00e9 Nagasaki car\u00a0c\u2019est une ville \u00e0 taille humaine pr\u00e8s de la montagne, tr\u00e8s agr\u00e9able pour se balader.<\/div>\n<div class=\"_2cuy _3dgx _2vxa\">J\u2019aime plut\u00f4t la campagne, les petites villes. L\u2019an dernier, j\u2019avais voyag\u00e9 seul et j\u2019avais d\u00e9couvert Yanagawa ; cette petite ville m\u2019avait enchant\u00e9 et surtout cette ballade en barque dans les nombreux canaux. A Yanagawa, il y a un plat typique le \u00ab Unagi no Seiro mushi \u00bb ; Il s\u2019agit d\u2019anguille grill\u00e9e \u00e0 la sauce soja et d\u2019\u0153ufs coup\u00e9s finement sur un lit de riz, le tout cuit \u00e0 la vapeur sur une grille de bambou. C\u2019\u00e9tait d\u00e9licieux !<\/div>\n<div class=\"_2cuy _3dgx _2vxa\">Cette ann\u00e9e, je suis all\u00e9 \u00e0 <strong>Miyajima<\/strong> pour voir le c\u00e9l\u00e8bre torii dans la mer. Nous y sommes rest\u00e9s deux nuits, nous avons bien fait car la ville est assez agr\u00e9able \u00e0 visiter. On peut se promener dans la montagne. C\u2019est tr\u00e8s touristique, mais cela vaut la peine d\u2019y aller. Dans cette ville on y trouve de nombreux temples.<\/div>\n<div class=\"_2cuy _3dgx _2vxa\"><\/div>\n<div class=\"_2cuy _3dgx _2vxa\"><\/div>\n<div class=\"_2cuy _3dgx _2vxa\">\n<figure id=\"attachment_705\" aria-describedby=\"caption-attachment-705\" style=\"width: 1260px\" class=\"wp-caption aligncenter\"><a href=\"http:\/\/soleil-levant-asso.fr\/\/wp-content\/uploads\/2016\/11\/japon-torii_miyajima-1.jpg\"><img decoding=\"async\" loading=\"lazy\" class=\"size-full wp-image-705\" src=\"http:\/\/soleil-levant-asso.fr\/\/wp-content\/uploads\/2016\/11\/japon-torii_miyajima-1.jpg\" alt=\"Torii de Miyajima\" width=\"1260\" height=\"840\" \/><\/a><figcaption id=\"caption-attachment-705\" class=\"wp-caption-text\">Torii de Miyajima<\/figcaption><\/figure>\n<p>&nbsp;<\/p>\n<\/div>\n<figure class=\"_2cuy _4nuy _2vxa\">\n<h4 class=\"_h2x _h2y\"><b>Le pavillon d&rsquo;or<\/b><\/h4>\n<\/figure>\n<div class=\"_2cuy _3dgx _2vxa\"><strong><span class=\"_4yxo\">Quel monument ou endroit as-tu voulu voir et quelle a \u00e9t\u00e9 ta r\u00e9action quand tu l\u2019as vu?<\/span><\/strong><\/div>\n<div class=\"_2cuy _3dgx _2vxa\">Comme j&rsquo;avais lu le c\u00e9l\u00e8bre roman de Yukio Mishima \u00ab <strong>Le pavillon d&rsquo;or<\/strong>\u00bb c&rsquo;est ce temple que j&rsquo;ai voulu voir lors de mon premier s\u00e9jour. Lors de ce voyage je tenais un journal et voil\u00e0 ce que j&rsquo;y ai not\u00e9 ce 2 septembre 2003 : \u00ab Enfin, je suis devant le <strong>Kinkaku ji<\/strong>, un moment tant attendu. Il est plus connu sous le nom de Pavillon d&rsquo;or. Aussi surprenant que cela puisse para\u00eetre, c&rsquo;est vraiment de l&rsquo;or. On ne peut qu&rsquo;\u00eatre \u00e9merveill\u00e9 face \u00e0 cette gracieuse structure qui semble flotter sur ces propres reflets. C&rsquo;est un choc visuel ; un choc d&rsquo;autant plus brutal que l&rsquo;on d\u00e9couvre ce lieu comme si l&rsquo;on tournait les pages d&rsquo;un livre. C&rsquo;est presque irr\u00e9el ; j&rsquo;ai l&rsquo;impression de voir un tableau. Tout est si harmonieux avec le mont Kinugasa qui sert de toile de fond, les reflets brillants du temple et tous les diff\u00e9rents \u00e9l\u00e9ments naturels qui s&rsquo;organisent autour de l&rsquo;\u00e9tang. \u00bb<\/div>\n<div class=\"_2cuy _3dgx _2vxa\"><\/div>\n<div class=\"_2cuy _3dgx _2vxa\">\n<figure id=\"attachment_706\" aria-describedby=\"caption-attachment-706\" style=\"width: 1536px\" class=\"wp-caption aligncenter\"><a href=\"http:\/\/soleil-levant-asso.fr\/\/wp-content\/uploads\/2016\/11\/2_6-1.jpg\"><img decoding=\"async\" loading=\"lazy\" class=\"size-full wp-image-706\" src=\"http:\/\/soleil-levant-asso.fr\/\/wp-content\/uploads\/2016\/11\/2_6-1.jpg\" alt=\"Pavillon d'or Kinkakuji\" width=\"1536\" height=\"1024\" \/><\/a><figcaption id=\"caption-attachment-706\" class=\"wp-caption-text\">Pavillon d&rsquo;or Kinkaku-ji<\/figcaption><\/figure>\n<p>&nbsp;<\/p>\n<\/div>\n<h3 class=\"_2cuy _3dgx _2vxa\"><strong><span class=\"_4yxo\">Communication avec les Japonais<\/span><\/strong><\/h3>\n<div class=\"_2cuy _3dgx _2vxa\"><strong><span class=\"_4yxo\">Parles-tu japonais ?<\/span><\/strong><\/div>\n<div class=\"_2cuy _3dgx _2vxa\">Un peu, cela fait plus de quatre ans que j&rsquo;\u00e9tudie cette langue. J\u2019arrive \u00e0 comprendre le principal lors d\u2019une conversation. C\u2019est tout de m\u00eame une langue difficile \u00e0 apprendre si on la compare \u00e0 l\u2019anglais, \u00e0 l\u2019espagnol.<\/div>\n<div class=\"_2cuy _3dgx _2vxa\"><\/div>\n<div class=\"_2cuy _3dgx _2vxa\"><strong><span class=\"_4yxo\">Donne-nous le mot japonais que tu aimes bien dire ?<\/span><\/strong><\/div>\n<div class=\"_2cuy _3dgx _2vxa\">\u201c <strong>Tadaima<\/strong>\u201d : C\u2019est une expression que l\u2019on dit lorsqu\u2019on arrive chez soi.<\/div>\n<div class=\"_2cuy _3dgx _2vxa\"><\/div>\n<div class=\"_2cuy _3dgx _2vxa\"><strong><span class=\"_4yxo\">As-tu r\u00e9ussi \u00e0 communiquer avec les Japonais ?<\/span><\/strong><\/div>\n<div class=\"_2cuy _3dgx _2vxa\">Oui, avec ma belle-famille, j&rsquo;y suis oblig\u00e9, c&rsquo;est la seule langue qui me permet de communiquer avec eux. Je pense que lorsqu\u2019on voyage c\u2019est tout de m\u00eame agr\u00e9able de pouvoir communiquer. C\u2019est tout de m\u00eame assez fr\u00e9quent lorsqu\u2019on se d\u00e9place, lorsqu\u2019on demande des renseignements\u2026 Dans le bus, une vieille dame m\u2019a parl\u00e9 directement en japonais, tr\u00e8s naturellement, cela m\u2019avait \u00e9tonn\u00e9. Dans le Kyushu, c\u2019est peut-\u00eatre plus facile de parler avec les Japonais, il me semble, de toute fa\u00e7on tr\u00e8s peu de Japonais parlent anglais.<\/div>\n<div class=\"_2cuy _3dgx _2vxa\"><\/div>\n<h4 class=\"_2cuy _3dgx _2vxa\">Rencontres<\/h4>\n<div class=\"_2cuy _3dgx _2vxa\"><strong><span class=\"_4yxo\">As-tu fait des rencontres int\u00e9ressantes lors de ton voyage ?<\/span><\/strong><\/div>\n<div class=\"_2cuy _3dgx _2vxa\">La rencontre la plus \u00e9tonnante est celle d&rsquo;un professeur de fran\u00e7ais aux abords d&rsquo;un parc \u00e0 Kumamoto. Il nous avait entendu parler fran\u00e7ais, ce qui est assez rare dans cette ville tr\u00e8s \u00e9loign\u00e9 des lieux touristiques. Il s&rsquo;int\u00e9ressait au christianisme et c&rsquo;est ainsi qu&rsquo;il s&rsquo;est mis \u00e0 \u00e9tudier le fran\u00e7ais chez les dominicains \u00e0 Paris. Depuis plus de 10 ans, on le voit r\u00e9guli\u00e8rement lorsqu\u2019on retourne au Japon ; il vient d\u2019\u00e9crire un livre sur le catholicisme au Japon.<\/div>\n<div class=\"_2cuy _3dgx _2vxa\"><\/div>\n<figure class=\"_2cuy _4nuy _2vxa\">\n<div class=\"_h2x _h2y\">\n<figure style=\"width: 670px\" class=\"wp-caption aligncenter\"><img decoding=\"async\" loading=\"lazy\" id=\"u_6e_3\" class=\"_h2z _297z _usd img\" src=\"https:\/\/scontent-cdg2-1.xx.fbcdn.net\/v\/t1.0-9\/945509_1003473066441492_5207212651543154106_n.jpg?oh=ca4e914d6947de4f76157a7fe6881431&amp;oe=58C5C5F4\" alt=\"Des jeunes femmes Japonaises dans la rue\" width=\"670\" height=\"893\" \/><figcaption class=\"wp-caption-text\">Japonaises<\/figcaption><\/figure>\n<h3>Diverses exp\u00e9riences<\/h3>\n<p><strong><span class=\"_4yxo\">Quelle exp\u00e9rience a \u00e9t\u00e9 la plus extraordinaire pendant ton s\u00e9jour ?<\/span><\/strong><\/p>\n<\/div>\n<\/figure>\n<div class=\"_2cuy _3dgx _2vxa\">J\u2019ai dormi dans un temple bouddhiste, j\u2019en ai gard\u00e9 un tr\u00e8s bon souvenir. Comme il \u00e9tait isol\u00e9 nous \u00e9tions seuls. Les repas \u00e9taient excellents et au r\u00e9veil nous avons particip\u00e9 aux c\u00e9r\u00e9monies religieuses. Je conseillerais plut\u00f4t ce moyen de s\u00e9journer au Japon.<\/div>\n<div class=\"_2cuy _3dgx _2vxa\"><\/div>\n<div class=\"_2cuy _3dgx _2vxa\"><strong><span class=\"_4yxo\">As-tu d\u00e9j\u00e0 \u00e9t\u00e9 dans une situation plut\u00f4t amusante par rapport aux Japonais ?<\/span><\/strong><\/div>\n<div class=\"_2cuy _3dgx _2vxa\">Je n\u2019en ai pas vraiment mais j\u2019ai une anecdote banale pour les japonais mais exceptionnel pour un fran\u00e7ais.<\/div>\n<div class=\"_2cuy _3dgx _2vxa\">Lors d\u2019une ballade \u00e0 Dazaifu, \u00e0 un moment, je me suis rendu compte que je n\u2019avais plus mon appareil photo ; j\u2019\u00e9tais vraiment inquiet, surtout pour les photos que j\u2019avais prises. Je me suis souvenu que j\u2019avais d\u00fb le poser \u00e0 c\u00f4t\u00e9 de moi sur un banc dans la gare de Dazaifu. Je suis retourn\u00e9 \u00e0 cette gare pour voir s\u2019il s\u2019y trouvait encore. Evidemment, il n\u2019\u00e9tait plus l\u00e0. Les personnes \u00e0 c\u00f4t\u00e9 de ce banc m\u2019ont alors dit de me renseigner \u00e0 la gare. Le chef de cette gare m\u2019a alors dirig\u00e9 vers le service des objets trouv\u00e9s. J\u2019ai d\u00fb d\u00e9crire cet appareil photo et l\u00e0 le responsable des objets trouv\u00e9s a sorti un appareil qui devait \u00eatre le mien. J\u2019ai rempli un dossier et pu le r\u00e9cup\u00e9rer.<\/div>\n<p><\/p>\n<h4 class=\"_2cuy _3dgx _2vxa\"><strong><span class=\"_4yxo\">Et une situation d\u00e9licate ?<\/span><\/strong><\/h4>\n<div class=\"_2cuy _3dgx _2vxa\">Lors de mon premier voyage, dans un business h\u00f4tel, au petit d\u00e9jeuner, je prenais mon temps pour choisir les nombreux plats du buffet. Je n\u2019avais pas vu derri\u00e8re moi un salaryman qui s\u2019impatientait et qui s\u2019est m\u00eame \u00e9nerv\u00e9 et a cri\u00e9 : \u00ab D\u00e9p\u00eache-toi \u00bb. A cette \u00e9poque je ne comprenais pas le japonais.<\/div>\n<div class=\"_2cuy _3dgx _2vxa\">Au Japon on ne prend pas le temps de manger. Lors d\u2019un repas avec ma belle-famille dans une cr\u00eaperie, celle-ci s\u2019\u00e9tait un peu \u00e9nerv\u00e9e car elle n\u2019\u00e9tait pas servie rapidement et avait interpell\u00e9 la serveuse d\u2019un ton tr\u00e8s familier. L\u00e0 aussi il y a une diff\u00e9rence de culture. En France, on respecte plus les employ\u00e9s des restaurants.<\/div>\n<div class=\"_2cuy _3dgx _2vxa\"><\/div>\n<p><\/p>\n<h3 class=\"_2cuy _3dgx _2vxa\">Cuisine japonaise<\/h3>\n<div class=\"_2cuy _3dgx _2vxa\">\u00a0<strong><span class=\"_4yxo\">Que penses-tu de la cuisine japonaise ?<\/span><\/strong><\/div>\n<div class=\"_2cuy _3dgx _2vxa\">La cuisine japonaise est vraiment extraordinaire ; elle est tr\u00e8s vari\u00e9e ; cela me convient tr\u00e8s bien car c&rsquo;est une cuisine peu grasse. De plus, les restaurants sont peu chers par rapport \u00e0 la France. Pour 10 euros on y mange tr\u00e8s bien.<\/div>\n<div class=\"_2cuy _3dgx _2vxa\"><\/div>\n<figure class=\"_2cuy _4nuy _2vxa\">\n<div class=\"_h2x\"><img decoding=\"async\" loading=\"lazy\" id=\"u_6e_4\" class=\"_h2z _297z _usd img aligncenter\" src=\"https:\/\/scontent-cdg2-1.xx.fbcdn.net\/v\/t1.0-9\/15037074_1003482923107173_4789560431839535665_n.jpg?oh=391cfe3248181c97ad8fc759dec0cfdf&amp;oe=58CF7FAE\" alt=\"Des consommateurs dans un restaurant de rue\" width=\"670\" height=\"893\" \/><\/div>\n<\/figure>\n<div class=\"_2cuy _3dgx _2vxa\"><\/div>\n<div class=\"_2cuy _3dgx _2vxa\"><\/div>\n<p><\/p>\n<div class=\"_2cuy _3dgx _2vxa\"><strong><span class=\"_4yxo\">Ton plat pr\u00e9f\u00e9r\u00e9, sucr\u00e9 ou sal\u00e9, que tu as d\u00e9couvert au Japon ?<\/span><\/strong><\/div>\n<div class=\"_2cuy _3dgx _2vxa\">J\u2019aime les tempuras, de l\u00e9gumes particuli\u00e8rement, c\u2019est une friture croustillante de l\u00e9gumes.<\/div>\n<div class=\"_2cuy _3dgx _2vxa\">A Dazaifu, j\u2019avais appr\u00e9ci\u00e9 la sp\u00e9cialit\u00e9 de cette ville : l\u2019umegae mochi (un mochi grill\u00e9 fourr\u00e9 \u00e0 l&rsquo;azuki)<\/div>\n<div class=\"_2cuy _3dgx _2vxa\"><\/div>\n<p><\/p>\n<h3 class=\"_2cuy _3dgx _2vxa\">Visites lors des s\u00e9jours<\/h3>\n<div class=\"_2cuy _3dgx _2vxa\">\u00a0<strong><span class=\"_4yxo\">As-tu visit\u00e9 un sanctuaire ou un temple, et quelles sont tes impressions ?<\/span><\/strong><\/div>\n<div class=\"_2cuy _3dgx _2vxa\">Comme je l&rsquo;ai dit pr\u00e9c\u00e9demment, un des premiers lieux que j&rsquo;ai appr\u00e9ci\u00e9 fut le Pavillon d&rsquo;or. Je visite beaucoup les sanctuaires shinto\u00efstes et temples bouddhistes. J\u2019aime les lieux sacr\u00e9s. J\u2019ai eu l\u2019occasion d\u2019assister \u00e0 un mariage dans un sanctuaire shinto\u00efste ; c\u2019\u00e9tait tr\u00e8s beau. On sentait que chaque geste de cette c\u00e9r\u00e9monie \u00e9tait important. Le chant, la musique qui accompagnait cette c\u00e9r\u00e9monie \u00e9tait en parfaite harmonie. C\u2019est ce qui caract\u00e9rise le Japon.<\/div>\n<div class=\"_2cuy _3dgx _2vxa\"><\/div>\n<figure class=\"_2cuy _4nuy _2vxa\">\n<div class=\"_h2x _h2y\">\n<p><img decoding=\"async\" loading=\"lazy\" id=\"u_6e_5\" class=\"_h2z _297z _usd img aligncenter\" src=\"https:\/\/scontent-cdg2-1.xx.fbcdn.net\/v\/t1.0-9\/15027883_1003476293107836_1184946233547570376_n.jpg?oh=1db872382f6dea94d7a5a6ade8afd888&amp;oe=58C1CBD7\" alt=\"Plusieurs torii Portails rouges\" width=\"670\" height=\"893\" \/><\/p>\n<div class=\"_h2w _50f8 _50f4\">Torii<\/div>\n<div class=\"_h2w _50f8 _50f4\"><\/div>\n<\/div>\n<\/figure>\n<p><\/p>\n<div class=\"_2cuy _3dgx _2vxa\"><strong><span class=\"_4yxo\">Que penses-tu des matsuri ? As-tu particip\u00e9 \u00e0 un de ces \u00e9v\u00e8nements ?<\/span><\/strong><\/div>\n<div class=\"_2cuy _3dgx _2vxa\">J\u2019aime bien l\u2019ambiance des matsuri avec ses stands o\u00f9 on peut manger pour pas cher. On y boit beaucoup aussi. Les gens sont tr\u00e8s d\u00e9tendus et rigolent beaucoup.<\/div>\n<div class=\"_2cuy _3dgx _2vxa\"><\/div>\n<div class=\"_2cuy _3dgx _2vxa\"><strong><span class=\"_4yxo\">As-tu essay\u00e9 un ryokan ? Dormi dans un futon ? Utilis\u00e9 un h\u00f4tel capsule ?<\/span><\/strong><\/div>\n<div class=\"_2cuy _3dgx _2vxa\">Oui, j\u2019ai d\u00e9j\u00e0 essay\u00e9 un ryokan. Lorsque je suis dans ma belle-famille, je dors dans un futon et ce fut le cas aussi dans ma famille d\u2019accueil il y a 2 ans. Le futon est tr\u00e8s utilis\u00e9 dans les familles. A l\u2019h\u00f4tel, les touristes \u00e9trangers dorment sans doute dans des lits types occidentaux, mais moi au Japon g\u00e9n\u00e9ralement je dors dans un futon. En fait, on y dort tr\u00e8s bien et comme on les installe sur des tatamis, cela ne pose pas de probl\u00e8mes. Je n\u2019ai jamais utilis\u00e9 un h\u00f4tel capsule.<\/div>\n<div class=\"_2cuy _3dgx _2vxa\"><\/div>\n<div class=\"_2cuy _3dgx _2vxa\"><strong><span class=\"_4yxo\">As-tu essay\u00e9 un onsen ? Qu\u2019en penses-tu ?<\/span><\/strong><\/div>\n<div class=\"_2cuy _3dgx _2vxa\">Oui, j\u2019ai \u00e9videmment essay\u00e9 les onsen. Il faut bien respecter leur rituel : se laver \u00e9nergiquement avant de plonger dans ce bain d\u2019eau chaude.<\/div>\n<div class=\"_2cuy _3dgx _2vxa\"><\/div>\n<p><\/p>\n<h3 class=\"_2cuy _3dgx _2vxa\">Particularit\u00e9s du Japon<\/h3>\n<div class=\"_2cuy _3dgx _2vxa\"><strong><span class=\"_4yxo\">Qu\u2019est ce qui t\u2019a le plus marqu\u00e9, \u00e9tonn\u00e9 dans les rues ?<\/span><\/strong><\/div>\n<div class=\"_2cuy _3dgx _2vxa\">D&rsquo;abord, on trouve \u00e0 tous les coins de rue, des toilettes et elles sont tr\u00e8s propres. On voit tr\u00e8s peu d\u2019enfants, cela confirme le d\u00e9clin d\u00e9mographique de ce pays, c\u2019est vraiment flagrant. Les Japonais s\u2019habillent tous de la m\u00eame fa\u00e7on. Il n\u2019y a pas une aussi grande diversit\u00e9 qu\u2019en France ; surtout le matin, les salaryman portent tous le m\u00eame costume.<\/div>\n<div class=\"_2cuy _3dgx _2vxa\">Ce qui m\u2019avait frapp\u00e9, c\u2019est le nombre d\u2019employ\u00e9s dans les magasins, les stations-services par exemple (un employ\u00e9 vous sert l\u2019essence, un autre vous nettoie votre pare-brise \u2026)<\/div>\n<div class=\"_2cuy _3dgx _2vxa\"><\/div>\n<div class=\"_2cuy _3dgx _2vxa\"><\/div>\n<div class=\"_2cuy _3dgx _2vxa\">\n<br \/>\n<figure id=\"attachment_707\" aria-describedby=\"caption-attachment-707\" style=\"width: 1260px\" class=\"wp-caption alignnone\"><a href=\"http:\/\/soleil-levant-asso.fr\/\/wp-content\/uploads\/2016\/11\/japon-magasin-1.jpg\"><img decoding=\"async\" loading=\"lazy\" class=\"size-full wp-image-707\" src=\"http:\/\/soleil-levant-asso.fr\/\/wp-content\/uploads\/2016\/11\/japon-magasin-1.jpg\" alt=\"japon magasins\" width=\"1260\" height=\"840\" \/><\/a><figcaption id=\"caption-attachment-707\" class=\"wp-caption-text\">japon magasins<\/figcaption><\/figure><\/p>\n<p>&nbsp;<\/p>\n<\/div>\n<div class=\"_2cuy _3dgx _2vxa\"><strong><span class=\"_4yxo\">Quelle habitude que les Japonais ont qui t\u2019a le plus surpris ?<\/span><\/strong><\/div>\n<div class=\"_2cuy _3dgx _2vxa\">C\u2019est le manque de contact, m\u00eame dans les familles, ils ne se touchent pas lorsqu\u2019ils se retrouvent apr\u00e8s plusieurs mois d\u2019absence.<\/div>\n<div class=\"_2cuy _3dgx _2vxa\"><\/div>\n<div class=\"_2cuy _3dgx _2vxa\"><strong><span class=\"_4yxo\">Durant ton s\u00e9jour, quelle diff\u00e9rence importante as-tu remarqu\u00e9 par rapport \u00e0 la France ?<\/span><\/strong><\/div>\n<div class=\"_2cuy _3dgx _2vxa\">Les Japonais recherchent l\u2019harmonie et nous les fran\u00e7ais sommes plut\u00f4t dans le conflit. Je crois que c\u2019est cela qui me semble le plus important pour comprendre le Japon.<\/div>\n<div class=\"_2cuy _3dgx _2vxa\"><\/div>\n<p><\/p>\n<h3 class=\"_2cuy _3dgx _2vxa\">\u00a0Conseils aux voyageurs<\/h3>\n<div class=\"_2cuy _3dgx _2vxa\">\u00a0<strong><span class=\"_4yxo\">Des conseils pour les personnes qui voudraient faire un voyage au Japon ?<\/span><\/strong><\/div>\n<div class=\"_2cuy _3dgx _2vxa\">D&rsquo;abord, acheter en France le Japon Rail Pass qui permet d\u2019avoir un acc\u00e8s illimit\u00e9 aux lignes ferroviaires du Japon.<\/div>\n<div class=\"_2cuy _3dgx _2vxa\">Ensuite, il faut \u00eatre plut\u00f4t discret, moi cela ne me g\u00eane pas cela fait partie de mon caract\u00e8re.<\/div>\n<div class=\"_2cuy _3dgx _2vxa\">Enfin, ne pas h\u00e9siter \u00e0 sortir des grandes villes, m\u00eame si on se perd, les Japonais sont pr\u00eats \u00e0 vous aider.<\/div>\n<div class=\"_2cuy _3dgx _2vxa\"><\/div>\n<figure id=\"attachment_708\" aria-describedby=\"caption-attachment-708\" style=\"width: 1260px\" class=\"wp-caption alignnone\"><a href=\"http:\/\/soleil-levant-asso.fr\/\/wp-content\/uploads\/2016\/11\/japon-torii-1.jpg\"><img decoding=\"async\" loading=\"lazy\" class=\"size-full wp-image-708\" src=\"http:\/\/soleil-levant-asso.fr\/\/wp-content\/uploads\/2016\/11\/japon-torii-1.jpg\" alt=\"Torii Miyajima\" width=\"1260\" height=\"840\" \/><\/a><figcaption id=\"caption-attachment-708\" class=\"wp-caption-text\">Torii Miyajima<\/figcaption><\/figure>\n","protected":false},"excerpt":{"rendered":"<p>Interview de Fabrice : voyages au Japon Pr\u00e9sentation Bonjour Fabrice, peux-tu te pr\u00e9senter ? Je suis un Angevin passionn\u00e9 par la litt\u00e9rature et mari\u00e9 \u00e0 une Japonaise. C\u2019est ainsi que j&rsquo;ai d\u00e9couvert le Japon. Je ne pensais pas qu\u2019un jour,<\/p>\n","protected":false},"author":1,"featured_media":0,"comment_status":"closed","ping_status":"closed","sticky":false,"template":"","format":"standard","meta":[],"categories":[1],"tags":[],"_links":{"self":[{"href":"https:\/\/soleil-levant-asso.fr\/index.php?rest_route=\/wp\/v2\/posts\/564"}],"collection":[{"href":"https:\/\/soleil-levant-asso.fr\/index.php?rest_route=\/wp\/v2\/posts"}],"about":[{"href":"https:\/\/soleil-levant-asso.fr\/index.php?rest_route=\/wp\/v2\/types\/post"}],"author":[{"embeddable":true,"href":"https:\/\/soleil-levant-asso.fr\/index.php?rest_route=\/wp\/v2\/users\/1"}],"replies":[{"embeddable":true,"href":"https:\/\/soleil-levant-asso.fr\/index.php?rest_route=%2Fwp%2Fv2%2Fcomments&post=564"}],"version-history":[{"count":0,"href":"https:\/\/soleil-levant-asso.fr\/index.php?rest_route=\/wp\/v2\/posts\/564\/revisions"}],"wp:attachment":[{"href":"https:\/\/soleil-levant-asso.fr\/index.php?rest_route=%2Fwp%2Fv2%2Fmedia&parent=564"}],"wp:term":[{"taxonomy":"category","embeddable":true,"href":"https:\/\/soleil-levant-asso.fr\/index.php?rest_route=%2Fwp%2Fv2%2Fcategories&post=564"},{"taxonomy":"post_tag","embeddable":true,"href":"https:\/\/soleil-levant-asso.fr\/index.php?rest_route=%2Fwp%2Fv2%2Ftags&post=564"}],"curies":[{"name":"wp","href":"https:\/\/api.w.org\/{rel}","templated":true}]}}