{"id":502,"date":"2016-08-19T16:31:22","date_gmt":"2016-08-19T14:31:22","guid":{"rendered":"http:\/\/soleil-levant-asso.fr\/?p=502"},"modified":"2016-08-19T16:31:22","modified_gmt":"2016-08-19T14:31:22","slug":"interview-de-gabriel-francais-japon","status":"publish","type":"post","link":"https:\/\/soleil-levant-asso.fr\/?p=502","title":{"rendered":"Interview de Gabriel &#8211; Fran\u00e7ais au japon"},"content":{"rendered":"<h1 class=\"_2cuy _3dgx _2vxa\">Interview de Gabriel &#8211; Fran\u00e7ais au Japon<\/h1>\n<div class=\"_2cuy _3dgx _2vxa\"><strong><span class=\"_5yi-\">Bonjour peux-tu te pr\u00e9senter ?<\/span><\/strong><\/div>\n<div class=\"_2cuy _3dgx _2vxa\">Bonjour, je m\u2019appelle Gabriel, j\u2019ai 23 ans et je vis au Japon.<\/div>\n<div class=\"_2cuy _3dgx _2vxa\"><\/div>\n<div class=\"_2cuy _3dgx _2vxa\"><strong><span class=\"_5yi-\">Comment as-tu d\u00e9couvert le Japon ?<\/span><\/strong><\/div>\n<div class=\"_2cuy _3dgx _2vxa\">J\u2019y suis all\u00e9 une premi\u00e8re fois en voyage en 2013.<\/div>\n<div class=\"_2cuy _3dgx _2vxa\"><\/div>\n<div class=\"_2cuy _3dgx _2vxa\"><strong><span class=\"_5yi-\">Dis-nous ce qui t\u2019a donn\u00e9 envie de partir vivre au Japon ?<\/span><\/strong><\/div>\n<div class=\"_2cuy _3dgx _2vxa\">La culture, la fa\u00e7on de vivre, la nourriture,\u2026<\/div>\n<div class=\"_2cuy _3dgx _2vxa\"><\/div>\n<div class=\"_2cuy _3dgx _2vxa\"><strong><span class=\"_5yi-\">En combien de temps as-tu appris le japonais ?<\/span><\/strong><\/div>\n<div class=\"_2cuy _3dgx _2vxa\" style=\"text-align: justify;\">Il m\u2019a fallu plus de 5 mois tr\u00e8s intensif pour pouvoir tenir de vraies conversations. Maintenant mon niveau est bien plus \u00e9lev\u00e9, vu que je le pratique tous les jours, mais j\u2019apprends encore.<\/div>\n<div class=\"_2cuy _3dgx _2vxa\" style=\"text-align: justify;\"><\/div>\n<div class=\"_2cuy _3dgx _2vxa\"><span class=\"_5yi-\"><strong>Est-ce vraiment une langue compliqu\u00e9e et dure \u00e0 apprendre ?<\/strong> <\/span><\/div>\n<div class=\"_2cuy _3dgx _2vxa\" style=\"text-align: justify;\">C\u2019est une langue tr\u00e8s compliqu\u00e9e et tr\u00e8s dure \u00e0 apprendre. Il ne faut jamais l\u00e2cher si un jour on d\u00e9sire travailler au Japon.<\/div>\n<div class=\"_2cuy _3dgx _2vxa\" style=\"text-align: justify;\"><\/div>\n<div class=\"_2cuy _3dgx _2vxa\"><strong><span class=\"_5yi-\">Donne-nous le mot japonais que tu aimes bien dire ?<\/span><\/strong><\/div>\n<div class=\"_2cuy _3dgx _2vxa\">Anpontin, qui veut dire : Stupide, Idiot. Mais c\u2019est quand m\u00eame gentil.<\/div>\n<div class=\"_2cuy _3dgx _2vxa\"><\/div>\n<div class=\"_2cuy _3dgx _2vxa\"><strong><span class=\"_5yi-\">Depuis combien de temps vis-tu au Japon ?<\/span><\/strong><\/div>\n<div class=\"_2cuy _3dgx _2vxa\">Depuis 1 an et 3 mois exactement.<\/div>\n<div class=\"_2cuy _3dgx _2vxa\"><\/div>\n<div class=\"_2cuy _3dgx _2vxa\"><strong><span class=\"_5yi-\">Ou habites-tu et pourquoi avoir choisi cette ville ?<\/span><\/strong><\/div>\n<div class=\"_2cuy _3dgx _2vxa\">J\u2019habite \u00e0 Kitakyushu, j\u2019ai choisi cette ville car j\u2019y \u00e9tais d\u00e9j\u00e0 venu \u00e9tant donn\u00e9 que j\u2019ai un ami qui vivait ici.<\/div>\n<div class=\"_2cuy _3dgx _2vxa\"><\/div>\n<div class=\"_2cuy _3dgx _2vxa\"><strong><span class=\"_5yi-\">Quelle a \u00e9t\u00e9 la r\u00e9action de tes voisins Japonais quand ils t\u2019ont vu pour la premi\u00e8re fois ?<\/span><\/strong><\/div>\n<div class=\"_2cuy _3dgx _2vxa\">Plut\u00f4t contents mais aussi surpris d\u2019avoir un \u00e9tranger comme voisin.<\/div>\n<div class=\"_2cuy _3dgx _2vxa\"><\/div>\n<div class=\"_2cuy _3dgx _2vxa\"><strong><span class=\"_5yi-\">Qu\u2019est ce qui t\u2019a le plus marqu\u00e9, surpris dans les rues ?<\/span><\/strong><\/div>\n<div class=\"_2cuy _3dgx _2vxa\">La propret\u00e9.<\/div>\n<div class=\"_2cuy _3dgx _2vxa\"><\/div>\n<div class=\"_2cuy _3dgx _2vxa\"><strong><span class=\"_5yi-\">Quelle habitude des Japonais que tu as pu remarquer qui t\u2019a le plus \u00e9tonn\u00e9 ?<\/span><\/strong><\/div>\n<div class=\"_2cuy _3dgx _2vxa\" style=\"text-align: justify;\">Les Japonais, disons de classe sociale moyenne, ont l\u2019habitude de prendre des bains vraiment tous les jours et d\u2019y rester 30-40min minimum. Alors que nous, \u00e9trangers, prenons des douches les \u00be du temps.<\/div>\n<div class=\"_2cuy _3dgx _2vxa\" style=\"text-align: justify;\"><\/div>\n<div class=\"_2cuy _3dgx _2vxa\"><strong><span class=\"_5yi-\">Ton plat pr\u00e9f\u00e9r\u00e9 sucr\u00e9 ou sal\u00e9 que tu as d\u00e9couvert au Japon ?<\/span><\/strong><\/div>\n<div class=\"_2cuy _3dgx _2vxa\">Le Karaage . Ce sont des beignets de poulet frits. C\u2019est d\u00e9licieux.<\/div>\n<div class=\"_2cuy _3dgx _2vxa\">\n<figure id=\"attachment_503\" aria-describedby=\"caption-attachment-503\" style=\"width: 169px\" class=\"wp-caption aligncenter\"><a href=\"http:\/\/soleil-levant-asso.fr\/\/wp-content\/uploads\/2016\/08\/karaage-1.jpg\"><img decoding=\"async\" loading=\"lazy\" class=\"wp-image-503 size-medium\" title=\"karaage\" src=\"http:\/\/soleil-levant-asso.fr\/WORDPRESSV2\/wp-content\/uploads\/2016\/08\/karaage-169x300.jpg\" alt=\"karaage\" width=\"169\" height=\"300\" \/><\/a><figcaption id=\"caption-attachment-503\" class=\"wp-caption-text\">karaage<\/figcaption><\/figure>\n<div class=\"_2cuy _3dgx _2vxa\"><\/div>\n<div class=\"_2cuy _3dgx _2vxa\"><strong><span class=\"_5yi-\">As-tu des anecdotes agr\u00e9ables ou pas que tu voudrais partager avec nous ?<\/span><\/strong><\/div>\n<div class=\"_2cuy _3dgx _2vxa\" style=\"text-align: justify;\">Ce n\u2019est pas agr\u00e9able, et c\u2019est triste pour tout ce que \u00e7a a caus\u00e9, mais cette ann\u00e9e j\u2019ai ressenti pour la premi\u00e8re fois de ma vie un tremblement de terre. Horrible !<\/div>\n<div class=\"_2cuy _3dgx _2vxa\" style=\"text-align: justify;\"><\/div>\n<div class=\"_2cuy _3dgx _2vxa\"><strong><span class=\"_5yi-\">Que penses-tu des matsuri ? As-tu particip\u00e9 \u00e0 un de ces \u00e9v\u00e8nements ?<\/span><\/strong><\/div>\n<div class=\"_2cuy _3dgx _2vxa\" style=\"text-align: justify;\">J\u2019adore \u00e7a, Gion matsuri, \u2026Pour ma ville, nous avons un festival que j\u2019adore qui s\u2019appelle Wasshoi Hyakuman. J\u2019y vais tout le temps. <span class=\"_5yi_\">\ud83d\ude42<\/span><\/div>\n<div class=\"_2cuy _3dgx _2vxa\" style=\"text-align: justify;\"><\/div>\n<div class=\"_2cuy _3dgx _2vxa\"><strong><span class=\"_5yi-\">Tu as essay\u00e9 un onsen? Qu\u2019en penses-tu?<\/span><\/strong><\/div>\n<div class=\"_2cuy _3dgx _2vxa\">Oui j\u2019ai essay\u00e9, mais \u00e9tant donn\u00e9 que j\u2019ai des tatouages, \u00e7a a souvent \u00e9t\u00e9 difficile.<\/div>\n<div class=\"_2cuy _3dgx _2vxa\"><\/div>\n<div class=\"_2cuy _3dgx _2vxa\"><strong><span class=\"_5yi-\">Est-ce difficile de trouver du travail au Japon ?<\/span><\/strong><\/div>\n<div class=\"_2cuy _3dgx _2vxa\">Cela d\u00e9pend des domaines, mais oui, c\u2019est difficile.<\/div>\n<div class=\"_2cuy _3dgx _2vxa\"><\/div>\n<div class=\"_2cuy _3dgx _2vxa\"><strong><span class=\"_5yi-\">Quelle est la diff\u00e9rence entre le travail au Japon et en France ?<\/span><\/strong><\/div>\n<div class=\"_2cuy _3dgx _2vxa\">Les horaires de travail sont bien sup\u00e9rieurs et les jours de repos bien inf\u00e9rieurs.<\/div>\n<div class=\"_2cuy _3dgx _2vxa\"><\/div>\n<div class=\"_2cuy _3dgx _2vxa\"><strong><span class=\"_5yi-\">Combien d\u2019heures fais-tu par semaine ?<\/span><\/strong><\/div>\n<div class=\"_2cuy _3dgx _2vxa\">Cela varie, mais 40-50h.<\/div>\n<div class=\"_2cuy _3dgx _2vxa\"><\/div>\n<div class=\"_2cuy _3dgx _2vxa\"><span class=\"_5yi-\"><strong>Le salaire est-il vraiment diff\u00e9rent de celui pratiqu\u00e9 en France ?<\/strong> <\/span><\/div>\n<div class=\"_2cuy _3dgx _2vxa\" style=\"text-align: justify;\">Cela varie aussi selon les entreprises. Pour ma part j\u2019ai d\u00e9cid\u00e9 de quitter mon travail parce que le salaire \u00e9tait trop bas, mais j\u2019ai trouv\u00e9 un patron qui paye bien plus que ce que je gagnais en France. Donc, c\u2019est tr\u00e8s variable.<\/div>\n<div class=\"_2cuy _3dgx _2vxa\" style=\"text-align: justify;\"><\/div>\n<div class=\"_2cuy _3dgx _2vxa\"><strong><span class=\"_5yi-\">As-tu des conseils pour les personnes qui voudraient travailler l\u00e0-bas ?<\/span><\/strong><\/div>\n<div class=\"_2cuy _3dgx _2vxa\" style=\"text-align: justify;\">Apprendre le japonais. C\u2019est tr\u00e8s important quand on vit dans un pays d\u2019apprendre la langue et aussi cela vous ouvrira plus d\u2019opportunit\u00e9s.<\/div>\n<div class=\"_2cuy _3dgx _2vxa\" style=\"text-align: justify;\"><\/div>\n<div class=\"_2cuy _3dgx _2vxa\"><strong><span class=\"_5yi-\">Qu\u2019est-ce qui te manque le plus de la France ?<\/span><\/strong><\/div>\n<div class=\"_2cuy _3dgx _2vxa\">Ma famille, mes amis et bien s\u00fbr un bon plateau de charcuterie-fromage avec un verre de vin rouge. <span class=\"_5yi_\">\ud83d\ude42<\/span><\/div>\n<div class=\"_2cuy _3dgx _2vxa\"><\/div>\n<div class=\"_2cuy _3dgx _2vxa\"><strong><span class=\"_5yi-\">Penses-tu revenir un jour en France ? et pourquoi ?<\/span><\/strong><\/div>\n<div class=\"_2cuy _3dgx _2vxa\">Je n\u2019ai pas encore d\u00e9cid\u00e9.<\/div>\n<div class=\"_2cuy _3dgx _2vxa\"><\/div>\n<div class=\"_2cuy _3dgx _2vxa\"><strong><span class=\"_5yi-\">Des conseils pour les personnes qui voudraient aller vivre au Japon ?<\/span><\/strong><\/div>\n<div class=\"_2cuy _3dgx _2vxa\" style=\"text-align: justify;\">Y aller une premi\u00e8re fois pour se faire une id\u00e9e ; il y a beaucoup de gens qui se font une fausse image de ce qu\u2019est le Japon. C\u2019est tr\u00e8s important de se rendre compte que c\u2019est un pays tr\u00e8s diff\u00e9rent. Et encore une fois parler japonais, c\u2019est tr\u00e8s important.<\/div>\n<div class=\"_2cuy _3dgx _2vxa\" style=\"text-align: justify;\"><\/div>\n<div class=\"_2cuy _3dgx _2vxa\"><em><span class=\"_5yi_\">Merci beaucoup \u00e0 Gabriel pour avoir pris le temps de r\u00e9pondre \u00e0 nos questions.<\/span><\/em><\/div>\n<\/div>\n","protected":false},"excerpt":{"rendered":"<p>Interview de Gabriel &#8211; Fran\u00e7ais au Japon Bonjour peux-tu te pr\u00e9senter ? Bonjour, je m\u2019appelle Gabriel, j\u2019ai 23 ans et je vis au Japon. Comment as-tu d\u00e9couvert le Japon ? J\u2019y suis all\u00e9 une premi\u00e8re fois en voyage en 2013.<\/p>\n","protected":false},"author":1,"featured_media":0,"comment_status":"closed","ping_status":"closed","sticky":false,"template":"","format":"standard","meta":[],"categories":[1],"tags":[24,10,11,26,29],"_links":{"self":[{"href":"https:\/\/soleil-levant-asso.fr\/index.php?rest_route=\/wp\/v2\/posts\/502"}],"collection":[{"href":"https:\/\/soleil-levant-asso.fr\/index.php?rest_route=\/wp\/v2\/posts"}],"about":[{"href":"https:\/\/soleil-levant-asso.fr\/index.php?rest_route=\/wp\/v2\/types\/post"}],"author":[{"embeddable":true,"href":"https:\/\/soleil-levant-asso.fr\/index.php?rest_route=\/wp\/v2\/users\/1"}],"replies":[{"embeddable":true,"href":"https:\/\/soleil-levant-asso.fr\/index.php?rest_route=%2Fwp%2Fv2%2Fcomments&post=502"}],"version-history":[{"count":0,"href":"https:\/\/soleil-levant-asso.fr\/index.php?rest_route=\/wp\/v2\/posts\/502\/revisions"}],"wp:attachment":[{"href":"https:\/\/soleil-levant-asso.fr\/index.php?rest_route=%2Fwp%2Fv2%2Fmedia&parent=502"}],"wp:term":[{"taxonomy":"category","embeddable":true,"href":"https:\/\/soleil-levant-asso.fr\/index.php?rest_route=%2Fwp%2Fv2%2Fcategories&post=502"},{"taxonomy":"post_tag","embeddable":true,"href":"https:\/\/soleil-levant-asso.fr\/index.php?rest_route=%2Fwp%2Fv2%2Ftags&post=502"}],"curies":[{"name":"wp","href":"https:\/\/api.w.org\/{rel}","templated":true}]}}