{"id":486,"date":"2016-08-09T13:07:25","date_gmt":"2016-08-09T11:07:25","guid":{"rendered":"http:\/\/soleil-levant-asso.fr\/?p=486"},"modified":"2016-08-09T13:07:25","modified_gmt":"2016-08-09T11:07:25","slug":"julien-tirode","status":"publish","type":"post","link":"https:\/\/soleil-levant-asso.fr\/?p=486","title":{"rendered":"Interview de Julien Tirode vivant au Japon"},"content":{"rendered":"<h1><strong>Interview\u00a0de Julien Tirode vivant au Japon\u00a0<\/strong><\/h1>\n<p><strong>Voici l&rsquo;interview de Julien Tirode,\u00a0quelqu&rsquo;un qui vit au Japon.<\/strong><\/p>\n<p style=\"text-align: justify;\"><strong><em>Bonjour, peux-tu te pr\u00e9senter ?<\/em><\/strong><br \/>\nSalut \u00e0 tous ! Julien, 39 ans, j&rsquo;habite au Japon et dans les environs de Tokyo depuis 2009, je g\u00e8re les communaut\u00e9s de \u00ab Japon de tous les jours \u00bb et \u00ab Bonjour Tokyo \u00bb<\/p>\n<p style=\"text-align: center;\">\u00a0<a href=\"http:\/\/soleil-levant-asso.fr\/\/wp-content\/uploads\/2016\/08\/Julien-Tirode-1.jpg\"><img decoding=\"async\" loading=\"lazy\" class=\"alignnone wp-image-491\" title=\"Julien Tirode\" src=\"http:\/\/soleil-levant-asso.fr\/WORDPRESSV2\/wp-content\/uploads\/2016\/08\/Julien-Tirode-300x300.jpg\" alt=\"Julien Tirode\" width=\"161\" height=\"161\" \/><\/a>\u00a0\u00a0 <a href=\"http:\/\/soleil-levant-asso.fr\/\/wp-content\/uploads\/2016\/08\/Bonjour-Tokyo-4.jpg\"><img decoding=\"async\" loading=\"lazy\" class=\"alignnone wp-image-490\" title=\"Bonjour Tokyo\" src=\"http:\/\/soleil-levant-asso.fr\/WORDPRESSV2\/wp-content\/uploads\/2016\/08\/Bonjour-Tokyo-300x111.jpg\" alt=\"Bonjour Tokyo\" width=\"425\" height=\"157\" \/><\/a><\/p>\n<p><em><strong>Comment as-tu d\u00e9couvert le Japon ?<\/strong><\/em><br \/>\nJe l&rsquo;ai d&rsquo;abord connu comme beaucoup avec la g\u00e9n\u00e9ration Club Doroth\u00e9e, puis en explorant par moi-m\u00eame avec des films et des livres majeurs. Ma vision du pays \u00e9tait alors toujours incompl\u00e8te car je ne pouvais que l&rsquo;imaginer virtuellement. Puis c&rsquo;est au cours d&rsquo;un voyage compl\u00e8tement d\u00e9cid\u00e9 \u00e0 l&rsquo;improviste que je suis parti avec un pote et nous avons planifi\u00e9 10 jours au Japon, entre Tokyo, Kyoto, Kobe, Nara, Osaka&#8230; Quelle claque ! J&rsquo;ai voyag\u00e9 pas mal mais le Japon est le premier pays qui m&rsquo;a vraiment VRAIMENT marqu\u00e9 (comme beaucoup de personnes d\u2019ailleurs) !<\/p>\n<p style=\"text-align: justify;\"><em><strong>Dis-nous ce qui t\u2019a donn\u00e9 envie de partir vivre au Japon ?<\/strong><\/em><br \/>\nPas mal de raisons (S\u00fbrement une bonne crise de la trentaine, envie de changement, probl\u00e8mes au boulot, marre de l&rsquo;atmosph\u00e8re parisienne&#8230;) mais la principale reste&#8230; une femme&#8230; qui est devenue la mienne par la suite. <i class=\"_lew\" title=\"\u00e9motic\u00f4ne wink\"><i class=\"_4-k1 img sp_fM-mz8spZ1b sx_7f72ac\"><\/i><span class=\"_4mcd\">\ud83d\ude09<\/span><\/i> Disons qu&rsquo;apr\u00e8s ma rencontre avec elle, ayant d\u00e9j\u00e0 v\u00e9cu une relation \u00e0 distance, je me suis dit que l&rsquo;un de nous deux devait faire un pas vers l&rsquo;autre pour que \u00e7a marche. J&rsquo;ai fait ce pas.<\/p>\n<p style=\"text-align: justify;\"><em><strong>En combien de temps as-tu appris le japonais ?<\/strong><\/em><br \/>\nJe l&rsquo;apprends toujours. J&rsquo;ai une sorte de niveau interm\u00e9diaire qui me permet de me faire comprendre, mais avec les Japonais de ma communaut\u00e9, nous discutons en fran\u00e7ais ou en anglais.<\/p>\n<p><em><strong>Donne-nous le mot japonais que tu aimes bien dire ?<\/strong><\/em><br \/>\n<strong>Subarashi<\/strong> qui veut dire : Merveilleux, Magnifique<\/p>\n<p style=\"text-align: justify;\"><em><strong>Ou habites-tu et pourquoi avoir choisi cette ville ?<\/strong><\/em><br \/>\nJ&rsquo;habite Kawagoe, surnomm\u00e9e \u00ab La petite Edo \u00bb, que je vous recommande de visiter \u00e0 l&rsquo;occasion, si vous voulez un peu de d\u00e9paysement \u00e0 moins d&rsquo;une heure de Tokyo ! J&rsquo;ai v\u00e9cu \u00e0 Tokyo pendant 3 ans et nous avons emm\u00e9nag\u00e9 dans la pr\u00e9fecture de Saitama pour des raisons familiales.<\/p>\n<p style=\"text-align: justify;\"><em><strong>Quelle a \u00e9t\u00e9 la r\u00e9action de tes voisins Japonais quand ils t\u2019ont vu pour la premi\u00e8re fois ?<\/strong><\/em><br \/>\nHaha !! j&rsquo;ai un souvenir particulier d&rsquo;une famille qui vivait au-dessus de notre appartement quand j&rsquo;ai emm\u00e9nag\u00e9 \u00e0 Nerima. Nous sommes all\u00e9s les voir avec ma femme pour les saluer \u00e0 notre arriv\u00e9e, la m\u00e8re de famille nous a \u00e0 peine entrouvert la porte et l&rsquo;a referm\u00e9e quand elle a vu que j&rsquo;\u00e9tais un \u00e9tranger ! Bon, je tiens \u00e0 rassurer les lecteurs, c&rsquo;\u00e9tait une famille de fadas (Disputes constantes, cris hyst\u00e9riques \u00e0 n&rsquo;importe quelle heure de la journ\u00e9e&#8230;)<\/p>\n<p><em><strong>Qu\u2019est ce qui t\u2019a le plus marqu\u00e9, surpris dans les rues ?<\/strong><\/em><br \/>\nParfois, le calme, parfois la propret\u00e9, parfois les deux&#8230;<\/p>\n<p style=\"text-align: justify;\"><em><strong>Quelle habitude des Japonais que tu as pu remarquer qui t\u2019a le plus \u00e9tonn\u00e9 ?<\/strong><\/em><br \/>\nCe professionnalisme au travail, ou selon, ce d\u00e9sir d&rsquo;atteindre la perfection dans leur art ou leur domaine de pr\u00e9dilection.<\/p>\n<p style=\"text-align: justify;\"><em><strong>Ton plat pr\u00e9f\u00e9r\u00e9 que tu as d\u00e9couvert au Japon ?<\/strong><\/em><br \/>\n<strong>Okonomiyaki<\/strong> ! Vous choisissez de quoi sera compos\u00e9 votre okonomiyaki sur le menu et on vous am\u00e8ne un bol qui contient de la p\u00e2te, du chou, un \u0153uf, entre autre. Vous m\u00e9langez et le d\u00e9posez sur une plaque chauffante en face de vous. Apr\u00e8s, vous pouvez le d\u00e9couper et partager avec vos amis, c&rsquo;est simple, convivial mais surtout d\u00e9licieux ! J&rsquo;adore, on peut vous le pr\u00e9parer au restaurant mais perso, je le fais moi-m\u00eame.<\/p>\n<figure id=\"attachment_493\" aria-describedby=\"caption-attachment-493\" style=\"width: 300px\" class=\"wp-caption aligncenter\"><a href=\"http:\/\/soleil-levant-asso.fr\/\/wp-content\/uploads\/2016\/08\/okonomiyaki-1.jpg\"><img decoding=\"async\" loading=\"lazy\" class=\"wp-image-493 size-medium\" title=\"okonomiyaki\" src=\"http:\/\/soleil-levant-asso.fr\/WORDPRESSV2\/wp-content\/uploads\/2016\/08\/okonomiyaki-300x225.jpg\" alt=\"okonomiyaki\" width=\"300\" height=\"225\" \/><\/a><figcaption id=\"caption-attachment-493\" class=\"wp-caption-text\">okonomiyaki<\/figcaption><\/figure>\n<p style=\"text-align: justify;\"><strong><em>Que penses-tu des matsuri ? As-tu particip\u00e9 \u00e0 un de ces \u00e9v\u00e8nements ?<\/em><\/strong><br \/>\nJ&rsquo;aime beaucoup, pour l&rsquo;ambiance, pour les gens en yukata, pour les stands de nourriture, pour les feux d&rsquo;artifice, les d\u00e9fil\u00e9s et autres parades&#8230; Je suis all\u00e9 hier \u00e0 celui de Sayamashi avec ma femme, c&rsquo;est toujours aussi magique.<\/p>\n<p style=\"text-align: justify;\"><em><strong>Tu as essay\u00e9 un onsen ? Qu\u2019en penses-tu ?<\/strong><\/em><br \/>\nLes Onsen, j&rsquo;aime bien mais \u00e0 petites doses, je ne suis pas fan des grosses chaleurs, mais j&rsquo;ai souvenir de quelques-uns qui \u00e9taient \u00e0 ciel ouvert avec vue sur le mont Fuji ou encore de nuit avec un ciel \u00e9toil\u00e9, magnifique !<\/p>\n<figure id=\"attachment_494\" aria-describedby=\"caption-attachment-494\" style=\"width: 300px\" class=\"wp-caption aligncenter\"><a href=\"http:\/\/soleil-levant-asso.fr\/\/wp-content\/uploads\/2016\/08\/onsen-1.jpg\"><img decoding=\"async\" loading=\"lazy\" class=\"size-medium wp-image-494\" src=\"http:\/\/soleil-levant-asso.fr\/WORDPRESSV2\/wp-content\/uploads\/2016\/08\/onsen-300x225.jpg\" alt=\"onsen bain japonais\" width=\"300\" height=\"225\" \/><\/a><figcaption id=\"caption-attachment-494\" class=\"wp-caption-text\">onsen en plein air<\/figcaption><\/figure>\n<p style=\"text-align: justify;\"><em><strong>Dans quel domaine travailles-tu ?<\/strong><\/em><br \/>\nL\u2019\u00e9v\u00e8nementiel, avec Bonjour Tokyo, que j&rsquo;ai cr\u00e9\u00e9 il y a maintenant trois ans. J&rsquo;organise des \u00e9v\u00e8nements franco-japonais internationaux \u00e0 Tokyo pour faciliter le contact entre les locaux et les \u00e9trangers. Cela va du petit atelier de discussion \u00e0 la grosse soir\u00e9e, les th\u00e8mes y sont vari\u00e9s (Soir\u00e9es C\u00e9libataires, 14 juillet, Halloween, No\u00ebl, Beaujolais nouveau&#8230;) et tout le monde y est le bienvenu. Vous pouvez y rencontrer des Japonais sympas qui parlent fran\u00e7ais ou anglais, histoire de favoriser le contact !<br \/>\nVous pouvez y jeter un \u0153il sur:<br \/>\n<a href=\"http:\/\/l.facebook.com\/l.php?u=http%3A%2F%2Fwww.bonjourtokyo.com%2F&amp;h=LAQEPnNfaAQHbIGCVxg0RjrTyCF0NUHcl2jdRN4snEwS_GA&amp;enc=AZNCKA0Q4BtC0v8eygxDVpD6loeF26Gwg6rpFtu1Fb17ZOlqyARWzkNr5nVcFMLawtAV3b1fIHNmc0BXqEbuWIuNhIQfPDXT825fRsS55vUR19ikfZtl8oT_b_s9FVhhv0hEkbEyALHxk56MKbXo6KHDwCzjSUE4Pp8FABhMIBS_1IqinFB5JQ5-27DuiB2Wp1SaJfwpclweAh9fpcvTcpBY&amp;s=1\" target=\"_blank\" rel=\"nofollow noopener noreferrer\">www.bonjourtokyo.com<\/a><br \/>\nNotre page Facebook :<br \/>\n<a href=\"https:\/\/www.facebook.com\/bonjourtokyo\/\">https:\/\/www.facebook.com\/bonjourtokyo\/<\/a><br \/>\nSinon, je travaille aussi parfois dans l&rsquo;enseignement en donnant des cours de fran\u00e7ais ou \u00e9galement dans l&rsquo;audiovisuel parfois \u00e0 la TV japonaise pour de petites apparitions dans des \u00e9missions ou des t\u00e9l\u00e9films.<\/p>\n<p style=\"text-align: center;\"><a href=\"http:\/\/soleil-levant-asso.fr\/\/wp-content\/uploads\/2016\/08\/bonjour-Tokyo-1-1.jpg\"><img decoding=\"async\" loading=\"lazy\" class=\"alignnone size-medium wp-image-487\" src=\"http:\/\/soleil-levant-asso.fr\/WORDPRESSV2\/wp-content\/uploads\/2016\/08\/bonjour-Tokyo-1-300x200.jpg\" alt=\"bonjour Tokyo 1\" width=\"300\" height=\"200\" \/><\/a>\u00a0\u00a0<a href=\"http:\/\/soleil-levant-asso.fr\/\/wp-content\/uploads\/2016\/08\/bonjour-Tokyo-3-1.jpg\"><img decoding=\"async\" loading=\"lazy\" class=\"alignnone size-medium wp-image-489\" src=\"http:\/\/soleil-levant-asso.fr\/WORDPRESSV2\/wp-content\/uploads\/2016\/08\/bonjour-Tokyo-3-300x200.jpg\" alt=\"bonjour Tokyo 3\" width=\"300\" height=\"200\" \/><\/a>\u00a0 \u00a0<a href=\"http:\/\/soleil-levant-asso.fr\/\/wp-content\/uploads\/2016\/08\/bonjour-Tokyo-2-1.jpg\"><img decoding=\"async\" loading=\"lazy\" class=\"wp-image-488 aligncenter\" src=\"http:\/\/soleil-levant-asso.fr\/WORDPRESSV2\/wp-content\/uploads\/2016\/08\/bonjour-Tokyo-2-300x300.jpg\" alt=\"bonjour Tokyo 2\" width=\"255\" height=\"255\" \/><\/a><\/p>\n<p style=\"text-align: justify;\"><em><strong>Est-ce difficile de trouver du travail au Japon ?<\/strong><\/em><br \/>\nAssez oui, sp\u00e9cialement dans les entreprises japonaises je pense. Apres, dans les entreprises internationales, c&rsquo;est peut-\u00eatre plus facile. Mais il y a la diff\u00e9rence entre trouver du travail comme de petits boulots ou l\u00e0 c&rsquo;est assez facile, mais pour trouver une entreprise qui accepte de vous embaucher et de vous fournir un visa travail qui vous permettra de rester au Japon, l\u00e0 c&rsquo;est autre chose&#8230;<\/p>\n<p><em><strong>Qu\u2019est-ce qui te manque le plus de la France ?<\/strong><\/em><br \/>\nLa famille, les amis, le franc parler, cette authenticit\u00e9 si fran\u00e7aise des gens que je connais l\u00e0-bas, la nourriture aussi &#8230;<\/p>\n<p><em><strong>Penses-tu revenir un jour en France ? Et pourquoi ?<\/strong><\/em><br \/>\nJ&rsquo;y reviens une ou deux fois par an, \u00e7a me suffit.<\/p>\n<p style=\"text-align: justify;\"><em><strong>Des conseils pour les personnes qui voudraient aller vivre au Japon ?<\/strong><\/em><br \/>\nSoyez s\u00e9rieux dans votre projet. Je re\u00e7ois souvent des messages de personnes qui s&rsquo;appr\u00eatent \u00e0 vendre tous leurs biens et d\u00e9barquer ici sans savoir qu&rsquo;il faut un visa appropri\u00e9 pour pouvoir seulement s\u00e9journer au Japon. Sans compter les nombreux \u00ab je n&rsquo;ai aucun dipl\u00f4me, aucune comp\u00e9tences sp\u00e9ciales, je ne parle que fran\u00e7ais&#8230; Est-ce que \u00e7a va \u00eatre dur pour moi de trouver un travail&#8230; ? \u00bb Ou encore d&rsquo;autres demandes farfelues du genre \u00ab Julien, peux-tu m&rsquo;h\u00e9berger trois mois chez toi le temps que je trouve un club de foot qui m&rsquo;engage&#8230; ? \u00bb (V\u00e9ridique)<br \/>\nEt avant de vouloir y vivre, venez visiter le pays. J&rsquo;ai eu souvent ce message de personnes voulant vivre au Japon car ils adorent \u00ab les mangas et les animes \u00bb. Soit, mais entre la fiction et la r\u00e9alit\u00e9, il y a une sacr\u00e9e diff\u00e9rence. Alors, venez en visa touriste dans un premier temps, pour vous faire un avis, et si \u00e7a vous plait, ensuite envisager un visa de plus longue dur\u00e9e (\u00e9tudiant, vacances travail&#8230;)<\/p>\n<p><em>Merci beaucoup \u00e0 Julien Tirode pour avoir pris le temps de r\u00e9pondre \u00e0 nos questions.<\/em><\/p>\n<p style=\"text-align: justify;\">Si vous voulez r\u00e9pondre \u00e0 notre questionnaire ou si vous connaissez une personne qui serait int\u00e9ress\u00e9e vous pouvez nous envoyer un message. N&rsquo;oubliez pas de partager \u00e7a nous ferait<\/p>\n","protected":false},"excerpt":{"rendered":"<p>Interview\u00a0de Julien Tirode vivant au Japon\u00a0 Voici l&rsquo;interview de Julien Tirode,\u00a0quelqu&rsquo;un qui vit au Japon. Bonjour, peux-tu te pr\u00e9senter ? Salut \u00e0 tous ! Julien, 39 ans, j&rsquo;habite au Japon et dans les environs de Tokyo depuis 2009, je g\u00e8re<\/p>\n","protected":false},"author":1,"featured_media":0,"comment_status":"closed","ping_status":"closed","sticky":false,"template":"","format":"standard","meta":[],"categories":[1],"tags":[24,10,11,25,26,27,28,29],"_links":{"self":[{"href":"https:\/\/soleil-levant-asso.fr\/index.php?rest_route=\/wp\/v2\/posts\/486"}],"collection":[{"href":"https:\/\/soleil-levant-asso.fr\/index.php?rest_route=\/wp\/v2\/posts"}],"about":[{"href":"https:\/\/soleil-levant-asso.fr\/index.php?rest_route=\/wp\/v2\/types\/post"}],"author":[{"embeddable":true,"href":"https:\/\/soleil-levant-asso.fr\/index.php?rest_route=\/wp\/v2\/users\/1"}],"replies":[{"embeddable":true,"href":"https:\/\/soleil-levant-asso.fr\/index.php?rest_route=%2Fwp%2Fv2%2Fcomments&post=486"}],"version-history":[{"count":0,"href":"https:\/\/soleil-levant-asso.fr\/index.php?rest_route=\/wp\/v2\/posts\/486\/revisions"}],"wp:attachment":[{"href":"https:\/\/soleil-levant-asso.fr\/index.php?rest_route=%2Fwp%2Fv2%2Fmedia&parent=486"}],"wp:term":[{"taxonomy":"category","embeddable":true,"href":"https:\/\/soleil-levant-asso.fr\/index.php?rest_route=%2Fwp%2Fv2%2Fcategories&post=486"},{"taxonomy":"post_tag","embeddable":true,"href":"https:\/\/soleil-levant-asso.fr\/index.php?rest_route=%2Fwp%2Fv2%2Ftags&post=486"}],"curies":[{"name":"wp","href":"https:\/\/api.w.org\/{rel}","templated":true}]}}