{"id":1050,"date":"2018-06-19T10:59:33","date_gmt":"2018-06-19T08:59:33","guid":{"rendered":"http:\/\/soleil-levant-asso.fr\/?p=1050"},"modified":"2018-06-19T10:59:33","modified_gmt":"2018-06-19T08:59:33","slug":"soleil-levant-sera-a-japan-expo-2018","status":"publish","type":"post","link":"https:\/\/soleil-levant-asso.fr\/?p=1050","title":{"rendered":"Soleil Levant sera \u00e0 Japan Expo 2018 !"},"content":{"rendered":"<p>Avis aux visiteurs de Japan Expo, l&rsquo;association sera pr\u00e9sent sur un espace \u00e0 Japan Expo, pour la deuxi\u00e8me ann\u00e9e cons\u00e9cutive !<\/p>\n<p>En effet, tout au long des quatre jours, vous pourrez nous retrouver au stand V179, dans le hall 5A.<\/p>\n<p>Nous vous proposerons sur les 4 jours tout un espace d\u00e9di\u00e9 aux jeux traditionnels et jeux de soci\u00e9t\u00e9 japonais en initiations et libre-acc\u00e8s :<\/p>\n<ul>\n<li>Go (Gomoku, Atarigo&#8230;)<\/li>\n<li>Y\u014dkai No Mori<\/li>\n<li>Shogi<\/li>\n<li>Mon voisin le monstre<\/li>\n<li>Hanafuda<\/li>\n<li>Goita (Avec tournoi ! Des jeux \u00e0 gagner !)<\/li>\n<\/ul>\n<p>Nous esp\u00e9rons vous voir nombreuses et nombreux l\u00e0-bas !<\/p>\n<p><img decoding=\"async\" src=\"http:\/\/braindamaged.fr\/wp-content\/uploads\/2018\/02\/Affiche-Japan-Expo-19%C3%A8me-une-1.jpg\" \/><\/p>\n","protected":false},"excerpt":{"rendered":"<p>Avis aux visiteurs de Japan Expo, l&rsquo;association sera pr\u00e9sent sur un espace \u00e0 Japan Expo, pour la deuxi\u00e8me ann\u00e9e cons\u00e9cutive ! En effet, tout au long des quatre jours, vous pourrez nous retrouver au stand V179, dans le hall 5A.<\/p>\n","protected":false},"author":1,"featured_media":0,"comment_status":"closed","ping_status":"closed","sticky":false,"template":"","format":"standard","meta":[],"categories":[1],"tags":[],"_links":{"self":[{"href":"https:\/\/soleil-levant-asso.fr\/index.php?rest_route=\/wp\/v2\/posts\/1050"}],"collection":[{"href":"https:\/\/soleil-levant-asso.fr\/index.php?rest_route=\/wp\/v2\/posts"}],"about":[{"href":"https:\/\/soleil-levant-asso.fr\/index.php?rest_route=\/wp\/v2\/types\/post"}],"author":[{"embeddable":true,"href":"https:\/\/soleil-levant-asso.fr\/index.php?rest_route=\/wp\/v2\/users\/1"}],"replies":[{"embeddable":true,"href":"https:\/\/soleil-levant-asso.fr\/index.php?rest_route=%2Fwp%2Fv2%2Fcomments&post=1050"}],"version-history":[{"count":0,"href":"https:\/\/soleil-levant-asso.fr\/index.php?rest_route=\/wp\/v2\/posts\/1050\/revisions"}],"wp:attachment":[{"href":"https:\/\/soleil-levant-asso.fr\/index.php?rest_route=%2Fwp%2Fv2%2Fmedia&parent=1050"}],"wp:term":[{"taxonomy":"category","embeddable":true,"href":"https:\/\/soleil-levant-asso.fr\/index.php?rest_route=%2Fwp%2Fv2%2Fcategories&post=1050"},{"taxonomy":"post_tag","embeddable":true,"href":"https:\/\/soleil-levant-asso.fr\/index.php?rest_route=%2Fwp%2Fv2%2Ftags&post=1050"}],"curies":[{"name":"wp","href":"https:\/\/api.w.org\/{rel}","templated":true}]}}