{"id":1006,"date":"2017-09-14T10:19:55","date_gmt":"2017-09-14T08:19:55","guid":{"rendered":"http:\/\/soleil-levant-asso.fr\/?p=1006"},"modified":"2017-09-14T10:19:55","modified_gmt":"2017-09-14T08:19:55","slug":"soleil-levant-rentree","status":"publish","type":"post","link":"https:\/\/soleil-levant-asso.fr\/?p=1006","title":{"rendered":"Soleil Levant fait sa rentr\u00e9e !"},"content":{"rendered":"<p><a href=\"http:\/\/soleil-levant-asso.fr\/\/wp-content\/uploads\/2017\/09\/JvwbscisC_oWQQrlhk2AQDKZGBI-1.jpg\"><img decoding=\"async\" loading=\"lazy\" class=\"alignnone wp-image-1007 \" src=\"http:\/\/soleil-levant-asso.fr\/WORDPRESSV2\/wp-content\/uploads\/2017\/09\/JvwbscisC_oWQQrlhk2AQDKZGBI-1024x576.jpg\" alt=\"\" width=\"449\" height=\"253\" \/><\/a><\/p>\n<h2>Bien le bonjour \u00e0 vous !<\/h2>\n<p>&nbsp;<\/p>\n<p>\u00c7a y est, l&rsquo;association fait sa rentr\u00e9e, les adh\u00e9rents sont repartis pour une nouvelle ann\u00e9e, gonfl\u00e9s \u00e0 bloc ! \\(^o^)\/<\/p>\n<p>&nbsp;<\/p>\n<p>Nous serons pr\u00e9sents sur plusieurs \u00e9v\u00e9nements dans les semaines qui suivent :<\/p>\n<p>Pour les \u00e9tudiants, on sera au <strong>Campus Day<\/strong> organis\u00e9 par l&rsquo;Universit\u00e9 d&rsquo;Angers le <strong>Jeudi 21 Septembre<\/strong> prochain.<\/p>\n<p>Le <strong>Samedi 30 Septembre<\/strong> rendez-vous dans le Centre Ville dans le cadre de l&rsquo;\u00e9v\u00e9nement <strong>Deux Jours En Jeux<\/strong>, pour quelques parties de jeux de soci\u00e9t\u00e9s et jeux traditionnels japonais !<\/p>\n<p>Les <strong>7 et 8 Octobre<\/strong> nous plantons notre drapeau au <strong>Forum des Associations<\/strong> : l&rsquo;<strong>AGORA<\/strong>. Week-end au Parc des Expos d&rsquo;Angers ! Avec\u00a0jeux de soci\u00e9t\u00e9s et jeux traditionnels japonais, mais aussi un concours\/d\u00e9fil\u00e9 exceptionnel de Cosplay sera organis\u00e9 le Dimanche, avis aux amateurs !<\/p>\n<p>&nbsp;<\/p>\n<p><strong>Au total trois occasion de se rencontrer sur les trois prochaines semaines. Nous esp\u00e9rons vous y voir nombreuses et nombreux ! \ud83d\ude42<\/strong><\/p>\n<p>&nbsp;<\/p>\n<p>\u00c0 plus tard ! \u307e\u305f\u306d !<\/p>\n","protected":false},"excerpt":{"rendered":"<p>Bien le bonjour \u00e0 vous ! &nbsp; \u00c7a y est, l&rsquo;association fait sa rentr\u00e9e, les adh\u00e9rents sont repartis pour une nouvelle ann\u00e9e, gonfl\u00e9s \u00e0 bloc ! \\(^o^)\/ &nbsp; Nous serons pr\u00e9sents sur plusieurs \u00e9v\u00e9nements dans les semaines qui suivent :<\/p>\n","protected":false},"author":1,"featured_media":0,"comment_status":"closed","ping_status":"closed","sticky":false,"template":"","format":"standard","meta":[],"categories":[1],"tags":[],"_links":{"self":[{"href":"https:\/\/soleil-levant-asso.fr\/index.php?rest_route=\/wp\/v2\/posts\/1006"}],"collection":[{"href":"https:\/\/soleil-levant-asso.fr\/index.php?rest_route=\/wp\/v2\/posts"}],"about":[{"href":"https:\/\/soleil-levant-asso.fr\/index.php?rest_route=\/wp\/v2\/types\/post"}],"author":[{"embeddable":true,"href":"https:\/\/soleil-levant-asso.fr\/index.php?rest_route=\/wp\/v2\/users\/1"}],"replies":[{"embeddable":true,"href":"https:\/\/soleil-levant-asso.fr\/index.php?rest_route=%2Fwp%2Fv2%2Fcomments&post=1006"}],"version-history":[{"count":0,"href":"https:\/\/soleil-levant-asso.fr\/index.php?rest_route=\/wp\/v2\/posts\/1006\/revisions"}],"wp:attachment":[{"href":"https:\/\/soleil-levant-asso.fr\/index.php?rest_route=%2Fwp%2Fv2%2Fmedia&parent=1006"}],"wp:term":[{"taxonomy":"category","embeddable":true,"href":"https:\/\/soleil-levant-asso.fr\/index.php?rest_route=%2Fwp%2Fv2%2Fcategories&post=1006"},{"taxonomy":"post_tag","embeddable":true,"href":"https:\/\/soleil-levant-asso.fr\/index.php?rest_route=%2Fwp%2Fv2%2Ftags&post=1006"}],"curies":[{"name":"wp","href":"https:\/\/api.w.org\/{rel}","templated":true}]}}